{"id":2296,"date":"2017-07-25T12:10:04","date_gmt":"2017-07-25T12:10:04","guid":{"rendered":"http:\/\/www.campusenergiainteligente.es\/?p=2296"},"modified":"2017-07-25T12:10:04","modified_gmt":"2017-07-25T12:10:04","slug":"imdea-energia-organiza-la-jornada-redes-electricas-de-futuro-el-proximo-28-de-septiembre","status":"publish","type":"post","link":"https:\/\/www.campusenergiainteligente.es\/en\/actualidad\/eventos\/imdea-energia-organiza-la-jornada-redes-electricas-de-futuro-el-proximo-28-de-septiembre\/","title":{"rendered":"IMDEA Energ\u00eda organizes a congress about &#8220;Redes el\u00e9ctricas de futuro&#8221;,  on next september 28th"},"content":{"rendered":"<p>IMDEA Energ\u00eda organiza la Jornada<strong>\u00a0 Redes el\u00e9ctricas de futuro<\/strong>, que se celebrar\u00e1 el <strong>28 de septiembre<\/strong>, cuyo programa adjunto. La jornada sobre Redes El\u00e9ctricas de Futuro se enmarca en el proyecto PRICAM <a href=\"http:\/\/geiser.depeca.uah.es\/pricam\/\">http:\/\/geiser.depeca.uah.es\/pricam\/<\/a> su objetivo es que expertos de empresas del sector el\u00e9ctrico y de entidades acad\u00e9micas expongan y discutan los principales retos encontrados en el desarrollo de redes el\u00e9ctricas inteligentes.<\/p>\n<p><a href=\"https:\/\/www.campusenergiainteligente.es\/wp-content\/uploads\/PRICAM_Workshop_20170928v0.pdf\">More Information <\/a><\/p>","protected":false},"excerpt":{"rendered":"<p>IMDEA Energ\u00eda organiza la Jornada\u00a0 Redes el\u00e9ctricas de futuro, que se celebrar\u00e1 el 28 de septiembre, cuyo programa adjunto. La jornada sobre Redes El\u00e9ctricas de Futuro se enmarca en el proyecto PRICAM http:\/\/geiser.depeca.uah.es\/pricam\/ su objetivo es que expertos de empresas del sector el\u00e9ctrico y de entidades acad\u00e9micas expongan y discutan los principales retos encontrados en [&hellip;]<\/p>\n","protected":false},"author":5,"featured_media":557,"comment_status":"closed","ping_status":"closed","sticky":false,"template":"","format":"standard","meta":{"footnotes":""},"categories":[6],"tags":[],"class_list":["post-2296","post","type-post","status-publish","format-standard","has-post-thumbnail","hentry","category-eventos"],"yoast_head":"<!-- This site is optimized with the Yoast SEO plugin v27.5 - https:\/\/yoast.com\/product\/yoast-seo-wordpress\/ -->\n<title>IMDEA Energ\u00eda organizes a congress about &quot;Redes el\u00e9ctricas de futuro&quot;, on next september 28th  - Proyecto CEI \u201cEnerg\u00eda Inteligente\u201d<\/title>\n<meta name=\"robots\" content=\"index, follow, max-snippet:-1, max-image-preview:large, max-video-preview:-1\" \/>\n<link rel=\"canonical\" href=\"https:\/\/www.campusenergiainteligente.es\/en\/actualidad\/eventos\/imdea-energia-organiza-la-jornada-redes-electricas-de-futuro-el-proximo-28-de-septiembre\/\" \/>\n<meta property=\"og:locale\" content=\"en_US\" \/>\n<meta property=\"og:type\" content=\"article\" \/>\n<meta property=\"og:title\" content=\"[:es]IMDEA Energ\u00eda organiza la Jornada Redes el\u00e9ctricas de futuro, el pr\u00f3ximo 28 de septiembre[:en]IMDEA Energ\u00eda organizes a congress about &quot;Redes el\u00e9ctricas de futuro&quot;, on next september 28th [:] - Proyecto CEI \u201cEnerg\u00eda Inteligente\u201d\" \/>\n<meta property=\"og:description\" content=\"IMDEA Energ\u00eda organiza la Jornada\u00a0 Redes el\u00e9ctricas de futuro, que se celebrar\u00e1 el 28 de septiembre, cuyo programa adjunto. La jornada sobre Redes El\u00e9ctricas de Futuro se enmarca en el proyecto PRICAM http:\/\/geiser.depeca.uah.es\/pricam\/ su objetivo es que expertos de empresas del sector el\u00e9ctrico y de entidades acad\u00e9micas expongan y discutan los principales retos encontrados en [&hellip;]\" \/>\n<meta property=\"og:url\" content=\"https:\/\/www.campusenergiainteligente.es\/en\/actualidad\/eventos\/imdea-energia-organiza-la-jornada-redes-electricas-de-futuro-el-proximo-28-de-septiembre\/\" \/>\n<meta property=\"og:site_name\" content=\"Proyecto CEI \u201cEnerg\u00eda Inteligente\u201d\" \/>\n<meta property=\"article:published_time\" content=\"2017-07-25T12:10:04+00:00\" \/>\n<meta property=\"og:image\" content=\"https:\/\/www.campusenergiainteligente.es\/wp-content\/uploads\/2015\/09\/image001.png\" \/>\n\t<meta property=\"og:image:width\" content=\"111\" \/>\n\t<meta property=\"og:image:height\" content=\"72\" \/>\n\t<meta property=\"og:image:type\" content=\"image\/png\" \/>\n<meta name=\"author\" content=\"Alfonso Hern\u00e1ndez Alexiades\" \/>\n<meta name=\"twitter:card\" content=\"summary_large_image\" \/>\n<meta name=\"twitter:label1\" content=\"Written by\" \/>\n\t<meta name=\"twitter:data1\" content=\"Alfonso Hern\u00e1ndez Alexiades\" \/>\n\t<meta name=\"twitter:label2\" content=\"Est. reading time\" \/>\n\t<meta name=\"twitter:data2\" content=\"1 minute\" \/>\n<script type=\"application\/ld+json\" class=\"yoast-schema-graph\">{\"@context\":\"https:\\\/\\\/schema.org\",\"@graph\":[{\"@type\":\"Article\",\"@id\":\"https:\\\/\\\/www.campusenergiainteligente.es\\\/en\\\/actualidad\\\/eventos\\\/imdea-energia-organiza-la-jornada-redes-electricas-de-futuro-el-proximo-28-de-septiembre\\\/#article\",\"isPartOf\":{\"@id\":\"https:\\\/\\\/www.campusenergiainteligente.es\\\/en\\\/actualidad\\\/eventos\\\/imdea-energia-organiza-la-jornada-redes-electricas-de-futuro-el-proximo-28-de-septiembre\\\/\"},\"author\":{\"name\":\"Alfonso Hern\u00e1ndez Alexiades\",\"@id\":\"https:\\\/\\\/www.campusenergiainteligente.es\\\/en\\\/#\\\/schema\\\/person\\\/6cefc70c18cca5394899d2491aff9686\"},\"headline\":\"IMDEA Energ\u00eda organizes a congress about &#8220;Redes el\u00e9ctricas de futuro&#8221;, on next september 28th\",\"datePublished\":\"2017-07-25T12:10:04+00:00\",\"mainEntityOfPage\":{\"@id\":\"https:\\\/\\\/www.campusenergiainteligente.es\\\/en\\\/actualidad\\\/eventos\\\/imdea-energia-organiza-la-jornada-redes-electricas-de-futuro-el-proximo-28-de-septiembre\\\/\"},\"wordCount\":184,\"image\":{\"@id\":\"https:\\\/\\\/www.campusenergiainteligente.es\\\/en\\\/actualidad\\\/eventos\\\/imdea-energia-organiza-la-jornada-redes-electricas-de-futuro-el-proximo-28-de-septiembre\\\/#primaryimage\"},\"thumbnailUrl\":\"https:\\\/\\\/www.campusenergiainteligente.es\\\/wp-content\\\/uploads\\\/2015\\\/09\\\/image001.png\",\"articleSection\":[\"Events\"],\"inLanguage\":\"en-US\"},{\"@type\":\"WebPage\",\"@id\":\"https:\\\/\\\/www.campusenergiainteligente.es\\\/en\\\/actualidad\\\/eventos\\\/imdea-energia-organiza-la-jornada-redes-electricas-de-futuro-el-proximo-28-de-septiembre\\\/\",\"url\":\"https:\\\/\\\/www.campusenergiainteligente.es\\\/en\\\/actualidad\\\/eventos\\\/imdea-energia-organiza-la-jornada-redes-electricas-de-futuro-el-proximo-28-de-septiembre\\\/\",\"name\":\"[:es]IMDEA Energ\u00eda organiza la Jornada Redes el\u00e9ctricas de futuro, el pr\u00f3ximo 28 de septiembre[:en]IMDEA Energ\u00eda organizes a congress about \\\"Redes el\u00e9ctricas de futuro\\\", on next september 28th [:] - Proyecto CEI \u201cEnerg\u00eda Inteligente\u201d\",\"isPartOf\":{\"@id\":\"https:\\\/\\\/www.campusenergiainteligente.es\\\/en\\\/#website\"},\"primaryImageOfPage\":{\"@id\":\"https:\\\/\\\/www.campusenergiainteligente.es\\\/en\\\/actualidad\\\/eventos\\\/imdea-energia-organiza-la-jornada-redes-electricas-de-futuro-el-proximo-28-de-septiembre\\\/#primaryimage\"},\"image\":{\"@id\":\"https:\\\/\\\/www.campusenergiainteligente.es\\\/en\\\/actualidad\\\/eventos\\\/imdea-energia-organiza-la-jornada-redes-electricas-de-futuro-el-proximo-28-de-septiembre\\\/#primaryimage\"},\"thumbnailUrl\":\"https:\\\/\\\/www.campusenergiainteligente.es\\\/wp-content\\\/uploads\\\/2015\\\/09\\\/image001.png\",\"datePublished\":\"2017-07-25T12:10:04+00:00\",\"author\":{\"@id\":\"https:\\\/\\\/www.campusenergiainteligente.es\\\/en\\\/#\\\/schema\\\/person\\\/6cefc70c18cca5394899d2491aff9686\"},\"breadcrumb\":{\"@id\":\"https:\\\/\\\/www.campusenergiainteligente.es\\\/en\\\/actualidad\\\/eventos\\\/imdea-energia-organiza-la-jornada-redes-electricas-de-futuro-el-proximo-28-de-septiembre\\\/#breadcrumb\"},\"inLanguage\":\"en-US\",\"potentialAction\":[{\"@type\":\"ReadAction\",\"target\":[\"https:\\\/\\\/www.campusenergiainteligente.es\\\/en\\\/actualidad\\\/eventos\\\/imdea-energia-organiza-la-jornada-redes-electricas-de-futuro-el-proximo-28-de-septiembre\\\/\"]}]},{\"@type\":\"ImageObject\",\"inLanguage\":\"en-US\",\"@id\":\"https:\\\/\\\/www.campusenergiainteligente.es\\\/en\\\/actualidad\\\/eventos\\\/imdea-energia-organiza-la-jornada-redes-electricas-de-futuro-el-proximo-28-de-septiembre\\\/#primaryimage\",\"url\":\"https:\\\/\\\/www.campusenergiainteligente.es\\\/wp-content\\\/uploads\\\/2015\\\/09\\\/image001.png\",\"contentUrl\":\"https:\\\/\\\/www.campusenergiainteligente.es\\\/wp-content\\\/uploads\\\/2015\\\/09\\\/image001.png\",\"width\":111,\"height\":72},{\"@type\":\"BreadcrumbList\",\"@id\":\"https:\\\/\\\/www.campusenergiainteligente.es\\\/en\\\/actualidad\\\/eventos\\\/imdea-energia-organiza-la-jornada-redes-electricas-de-futuro-el-proximo-28-de-septiembre\\\/#breadcrumb\",\"itemListElement\":[{\"@type\":\"ListItem\",\"position\":1,\"name\":\"Home\",\"item\":\"https:\\\/\\\/www.campusenergiainteligente.es\\\/en\\\/\"},{\"@type\":\"ListItem\",\"position\":2,\"name\":\"IMDEA Energ\u00eda organizes a congress about &#8220;Redes el\u00e9ctricas de futuro&#8221;, on next september 28th\"}]},{\"@type\":\"WebSite\",\"@id\":\"https:\\\/\\\/www.campusenergiainteligente.es\\\/en\\\/#website\",\"url\":\"https:\\\/\\\/www.campusenergiainteligente.es\\\/en\\\/\",\"name\":\"Proyecto CEI \u201cEnerg\u00eda Inteligente\u201d\",\"description\":\"Bioenergy &amp; Smart Cities\",\"potentialAction\":[{\"@type\":\"SearchAction\",\"target\":{\"@type\":\"EntryPoint\",\"urlTemplate\":\"https:\\\/\\\/www.campusenergiainteligente.es\\\/en\\\/?s={search_term_string}\"},\"query-input\":{\"@type\":\"PropertyValueSpecification\",\"valueRequired\":true,\"valueName\":\"search_term_string\"}}],\"inLanguage\":\"en-US\"},{\"@type\":\"Person\",\"@id\":\"https:\\\/\\\/www.campusenergiainteligente.es\\\/en\\\/#\\\/schema\\\/person\\\/6cefc70c18cca5394899d2491aff9686\",\"name\":\"Alfonso Hern\u00e1ndez Alexiades\",\"image\":{\"@type\":\"ImageObject\",\"inLanguage\":\"en-US\",\"@id\":\"https:\\\/\\\/secure.gravatar.com\\\/avatar\\\/4bbd51e7abf52b151102762b6159acf37933b341e86b1a9ef16c3f7b99e89638?s=96&d=mm&r=g\",\"url\":\"https:\\\/\\\/secure.gravatar.com\\\/avatar\\\/4bbd51e7abf52b151102762b6159acf37933b341e86b1a9ef16c3f7b99e89638?s=96&d=mm&r=g\",\"contentUrl\":\"https:\\\/\\\/secure.gravatar.com\\\/avatar\\\/4bbd51e7abf52b151102762b6159acf37933b341e86b1a9ef16c3f7b99e89638?s=96&d=mm&r=g\",\"caption\":\"Alfonso Hern\u00e1ndez Alexiades\"},\"url\":\"https:\\\/\\\/www.campusenergiainteligente.es\\\/en\\\/author\\\/alfonsohernandez\\\/\"}]}<\/script>\n<!-- \/ Yoast SEO plugin. -->","yoast_head_json":{"title":"[:es]IMDEA Energ\u00eda organiza la Jornada Redes el\u00e9ctricas de futuro, el pr\u00f3ximo 28 de septiembre[:en]IMDEA Energ\u00eda organizes a congress about \"Redes el\u00e9ctricas de futuro\", on next september 28th [:] - Proyecto CEI \u201cEnerg\u00eda Inteligente\u201d","robots":{"index":"index","follow":"follow","max-snippet":"max-snippet:-1","max-image-preview":"max-image-preview:large","max-video-preview":"max-video-preview:-1"},"canonical":"https:\/\/www.campusenergiainteligente.es\/en\/actualidad\/eventos\/imdea-energia-organiza-la-jornada-redes-electricas-de-futuro-el-proximo-28-de-septiembre\/","og_locale":"en_US","og_type":"article","og_title":"[:es]IMDEA Energ\u00eda organiza la Jornada Redes el\u00e9ctricas de futuro, el pr\u00f3ximo 28 de septiembre[:en]IMDEA Energ\u00eda organizes a congress about \"Redes el\u00e9ctricas de futuro\", on next september 28th [:] - Proyecto CEI \u201cEnerg\u00eda Inteligente\u201d","og_description":"IMDEA Energ\u00eda organiza la Jornada\u00a0 Redes el\u00e9ctricas de futuro, que se celebrar\u00e1 el 28 de septiembre, cuyo programa adjunto. La jornada sobre Redes El\u00e9ctricas de Futuro se enmarca en el proyecto PRICAM http:\/\/geiser.depeca.uah.es\/pricam\/ su objetivo es que expertos de empresas del sector el\u00e9ctrico y de entidades acad\u00e9micas expongan y discutan los principales retos encontrados en [&hellip;]","og_url":"https:\/\/www.campusenergiainteligente.es\/en\/actualidad\/eventos\/imdea-energia-organiza-la-jornada-redes-electricas-de-futuro-el-proximo-28-de-septiembre\/","og_site_name":"Proyecto CEI \u201cEnerg\u00eda Inteligente\u201d","article_published_time":"2017-07-25T12:10:04+00:00","og_image":[{"width":111,"height":72,"url":"https:\/\/www.campusenergiainteligente.es\/wp-content\/uploads\/2015\/09\/image001.png","type":"image\/png"}],"author":"Alfonso Hern\u00e1ndez Alexiades","twitter_card":"summary_large_image","twitter_misc":{"Written by":"Alfonso Hern\u00e1ndez Alexiades","Est. reading time":"1 minute"},"schema":{"@context":"https:\/\/schema.org","@graph":[{"@type":"Article","@id":"https:\/\/www.campusenergiainteligente.es\/en\/actualidad\/eventos\/imdea-energia-organiza-la-jornada-redes-electricas-de-futuro-el-proximo-28-de-septiembre\/#article","isPartOf":{"@id":"https:\/\/www.campusenergiainteligente.es\/en\/actualidad\/eventos\/imdea-energia-organiza-la-jornada-redes-electricas-de-futuro-el-proximo-28-de-septiembre\/"},"author":{"name":"Alfonso Hern\u00e1ndez Alexiades","@id":"https:\/\/www.campusenergiainteligente.es\/en\/#\/schema\/person\/6cefc70c18cca5394899d2491aff9686"},"headline":"IMDEA Energ\u00eda organizes a congress about &#8220;Redes el\u00e9ctricas de futuro&#8221;, on next september 28th","datePublished":"2017-07-25T12:10:04+00:00","mainEntityOfPage":{"@id":"https:\/\/www.campusenergiainteligente.es\/en\/actualidad\/eventos\/imdea-energia-organiza-la-jornada-redes-electricas-de-futuro-el-proximo-28-de-septiembre\/"},"wordCount":184,"image":{"@id":"https:\/\/www.campusenergiainteligente.es\/en\/actualidad\/eventos\/imdea-energia-organiza-la-jornada-redes-electricas-de-futuro-el-proximo-28-de-septiembre\/#primaryimage"},"thumbnailUrl":"https:\/\/www.campusenergiainteligente.es\/wp-content\/uploads\/2015\/09\/image001.png","articleSection":["Events"],"inLanguage":"en-US"},{"@type":"WebPage","@id":"https:\/\/www.campusenergiainteligente.es\/en\/actualidad\/eventos\/imdea-energia-organiza-la-jornada-redes-electricas-de-futuro-el-proximo-28-de-septiembre\/","url":"https:\/\/www.campusenergiainteligente.es\/en\/actualidad\/eventos\/imdea-energia-organiza-la-jornada-redes-electricas-de-futuro-el-proximo-28-de-septiembre\/","name":"[:es]IMDEA Energ\u00eda organiza la Jornada Redes el\u00e9ctricas de futuro, el pr\u00f3ximo 28 de septiembre[:en]IMDEA Energ\u00eda organizes a congress about \"Redes el\u00e9ctricas de futuro\", on next september 28th [:] - Proyecto CEI \u201cEnerg\u00eda Inteligente\u201d","isPartOf":{"@id":"https:\/\/www.campusenergiainteligente.es\/en\/#website"},"primaryImageOfPage":{"@id":"https:\/\/www.campusenergiainteligente.es\/en\/actualidad\/eventos\/imdea-energia-organiza-la-jornada-redes-electricas-de-futuro-el-proximo-28-de-septiembre\/#primaryimage"},"image":{"@id":"https:\/\/www.campusenergiainteligente.es\/en\/actualidad\/eventos\/imdea-energia-organiza-la-jornada-redes-electricas-de-futuro-el-proximo-28-de-septiembre\/#primaryimage"},"thumbnailUrl":"https:\/\/www.campusenergiainteligente.es\/wp-content\/uploads\/2015\/09\/image001.png","datePublished":"2017-07-25T12:10:04+00:00","author":{"@id":"https:\/\/www.campusenergiainteligente.es\/en\/#\/schema\/person\/6cefc70c18cca5394899d2491aff9686"},"breadcrumb":{"@id":"https:\/\/www.campusenergiainteligente.es\/en\/actualidad\/eventos\/imdea-energia-organiza-la-jornada-redes-electricas-de-futuro-el-proximo-28-de-septiembre\/#breadcrumb"},"inLanguage":"en-US","potentialAction":[{"@type":"ReadAction","target":["https:\/\/www.campusenergiainteligente.es\/en\/actualidad\/eventos\/imdea-energia-organiza-la-jornada-redes-electricas-de-futuro-el-proximo-28-de-septiembre\/"]}]},{"@type":"ImageObject","inLanguage":"en-US","@id":"https:\/\/www.campusenergiainteligente.es\/en\/actualidad\/eventos\/imdea-energia-organiza-la-jornada-redes-electricas-de-futuro-el-proximo-28-de-septiembre\/#primaryimage","url":"https:\/\/www.campusenergiainteligente.es\/wp-content\/uploads\/2015\/09\/image001.png","contentUrl":"https:\/\/www.campusenergiainteligente.es\/wp-content\/uploads\/2015\/09\/image001.png","width":111,"height":72},{"@type":"BreadcrumbList","@id":"https:\/\/www.campusenergiainteligente.es\/en\/actualidad\/eventos\/imdea-energia-organiza-la-jornada-redes-electricas-de-futuro-el-proximo-28-de-septiembre\/#breadcrumb","itemListElement":[{"@type":"ListItem","position":1,"name":"Home","item":"https:\/\/www.campusenergiainteligente.es\/en\/"},{"@type":"ListItem","position":2,"name":"IMDEA Energ\u00eda organizes a congress about &#8220;Redes el\u00e9ctricas de futuro&#8221;, on next september 28th"}]},{"@type":"WebSite","@id":"https:\/\/www.campusenergiainteligente.es\/en\/#website","url":"https:\/\/www.campusenergiainteligente.es\/en\/","name":"Proyecto CEI \u201cEnerg\u00eda Inteligente\u201d","description":"Bioenergy &amp; Smart Cities","potentialAction":[{"@type":"SearchAction","target":{"@type":"EntryPoint","urlTemplate":"https:\/\/www.campusenergiainteligente.es\/en\/?s={search_term_string}"},"query-input":{"@type":"PropertyValueSpecification","valueRequired":true,"valueName":"search_term_string"}}],"inLanguage":"en-US"},{"@type":"Person","@id":"https:\/\/www.campusenergiainteligente.es\/en\/#\/schema\/person\/6cefc70c18cca5394899d2491aff9686","name":"Alfonso Hern\u00e1ndez Alexiades","image":{"@type":"ImageObject","inLanguage":"en-US","@id":"https:\/\/secure.gravatar.com\/avatar\/4bbd51e7abf52b151102762b6159acf37933b341e86b1a9ef16c3f7b99e89638?s=96&d=mm&r=g","url":"https:\/\/secure.gravatar.com\/avatar\/4bbd51e7abf52b151102762b6159acf37933b341e86b1a9ef16c3f7b99e89638?s=96&d=mm&r=g","contentUrl":"https:\/\/secure.gravatar.com\/avatar\/4bbd51e7abf52b151102762b6159acf37933b341e86b1a9ef16c3f7b99e89638?s=96&d=mm&r=g","caption":"Alfonso Hern\u00e1ndez Alexiades"},"url":"https:\/\/www.campusenergiainteligente.es\/en\/author\/alfonsohernandez\/"}]}},"_links":{"self":[{"href":"https:\/\/www.campusenergiainteligente.es\/en\/wp-json\/wp\/v2\/posts\/2296","targetHints":{"allow":["GET"]}}],"collection":[{"href":"https:\/\/www.campusenergiainteligente.es\/en\/wp-json\/wp\/v2\/posts"}],"about":[{"href":"https:\/\/www.campusenergiainteligente.es\/en\/wp-json\/wp\/v2\/types\/post"}],"author":[{"embeddable":true,"href":"https:\/\/www.campusenergiainteligente.es\/en\/wp-json\/wp\/v2\/users\/5"}],"replies":[{"embeddable":true,"href":"https:\/\/www.campusenergiainteligente.es\/en\/wp-json\/wp\/v2\/comments?post=2296"}],"version-history":[{"count":1,"href":"https:\/\/www.campusenergiainteligente.es\/en\/wp-json\/wp\/v2\/posts\/2296\/revisions"}],"predecessor-version":[{"id":2297,"href":"https:\/\/www.campusenergiainteligente.es\/en\/wp-json\/wp\/v2\/posts\/2296\/revisions\/2297"}],"wp:featuredmedia":[{"embeddable":true,"href":"https:\/\/www.campusenergiainteligente.es\/en\/wp-json\/wp\/v2\/media\/557"}],"wp:attachment":[{"href":"https:\/\/www.campusenergiainteligente.es\/en\/wp-json\/wp\/v2\/media?parent=2296"}],"wp:term":[{"taxonomy":"category","embeddable":true,"href":"https:\/\/www.campusenergiainteligente.es\/en\/wp-json\/wp\/v2\/categories?post=2296"},{"taxonomy":"post_tag","embeddable":true,"href":"https:\/\/www.campusenergiainteligente.es\/en\/wp-json\/wp\/v2\/tags?post=2296"}],"curies":[{"name":"wp","href":"https:\/\/api.w.org\/{rel}","templated":true}]}}